{"id":7531,"global_id":"uwm.edu\/professional-development-network-family-support?id=7531","global_id_lineage":["uwm.edu\/professional-development-network-family-support?id=7531"],"author":"875","status":"publish","date":"2026-07-10 12:16:14","date_utc":"2026-07-10 17:16:14","modified":"2026-07-10 12:16:14","modified_utc":"2026-07-10 17:16:14","url":"https:\/\/uwm.edu\/professional-development-network-family-support\/event\/ccft-introduccion-a-la-profesion-del-cuidado-infantil-cempi-llc-76675\/","rest_url":"https:\/\/uwm.edu\/professional-development-network-family-support\/wp-json\/tribe\/events\/v1\/events\/7531","title":"CCFT-Introducci\u00f3n a la Profesi\u00f3n del Cuidado Infantil &#8211; CEMPI LLC (76675)","description":"<p>Proporciona capacitaci\u00f3n b\u00e1sica sobre conocimientos y habilidades para las personas que est\u00e1n comenzando su profesi\u00f3n como cuidadores de ni\u00f1os o que est\u00e1n considerando dedicarse a esto. El contenido incluye la exploraci\u00f3n de una variedad de entornos de cuidados y educaci\u00f3n de la primera infancia, incluido el cuidado infantil grupal y familiar. Los alumnos exploran las normas y los reglamentos que rigen el cuidado infantil grupal y familiar, y las responsabilidades de los profesionales de la educaci\u00f3n y del cuidado infantil. Se explorar\u00e1n pr\u00e1cticas y estrategias que reflejen las diversas necesidades de los ni\u00f1os y las familias de Wisconsin.<\/p>\n<p>P\u00fablico objetivo: El p\u00fablico objetivo de esta capacitaci\u00f3n son los profesionales de cuidado y educaci\u00f3n temprana.<\/p>\n<p>Horario (es obligatorio asistir a todas las sesiones)<br \/>\nMi\u00e9, 19 de agosto de 2026, 6:00 p. m. &#8211; 9:20 p. m.<br \/>\nSesi\u00f3n 1<br \/>\nPaola N\u00fa\u00f1ez-Garc\u00eda<br \/>\nVILT (Capacitaci\u00f3n Virtual Dirigida por un Instructor)<\/p>\n<p>Mi\u00e9, 26 de agosto de 2026, 6:00 p. m. &#8211; 9:20 p. m.<br \/>\nSesi\u00f3n 2<br \/>\nPaola N\u00fa\u00f1ez-Garc\u00eda<br \/>\nVILT (Capacitaci\u00f3n Virtual Dirigida por un Instructor)<\/p>\n<p>Mi\u00e9, 2 de septiembre de 2026, 6:00 p. m. &#8211; 9:20 p. m.<br \/>\nSesi\u00f3n 3<br \/>\nPaola N\u00fa\u00f1ez-Garc\u00eda<br \/>\nVILT (Capacitaci\u00f3n Virtual Dirigida por un Instructor)<\/p>\n<p>Costo total: $150.00<br \/>\nReg\u00edstrese antes del domingo, 16 de agosto de 2026, a las 6:00 p. m.<\/p>","excerpt":"","slug":"ccft-introduccion-a-la-profesion-del-cuidado-infantil-cempi-llc-76675","image":false,"all_day":false,"start_date":"2026-08-19 18:00:00","start_date_details":{"year":"2026","month":"08","day":"19","hour":"18","minutes":"00","seconds":"00"},"end_date":"2026-08-19 21:20:00","end_date_details":{"year":"2026","month":"08","day":"19","hour":"21","minutes":"20","seconds":"00"},"utc_start_date":"2026-08-19 23:00:00","utc_start_date_details":{"year":"2026","month":"08","day":"19","hour":"23","minutes":"00","seconds":"00"},"utc_end_date":"2026-08-20 02:20:00","utc_end_date_details":{"year":"2026","month":"08","day":"20","hour":"02","minutes":"20","seconds":"00"},"timezone":"America\/Chicago","timezone_abbr":"CDT","cost":"","cost_details":{"currency_symbol":"$","currency_code":"USD","currency_position":"prefix","values":[]},"website":"https:\/\/pdsonline.csod.com\/ui\/lms-learning-details\/app\/event\/73d757ad-8a7c-4227-8fe5-4a4f590d2d73?session=b0ec9b64-69bc-4c48-8ac4-c27732183e46","show_map":true,"show_map_link":true,"hide_from_listings":false,"sticky":false,"featured":false,"categories":[{"name":"Child Care Foundational Training","slug":"child-care-foundational-training","term_group":0,"term_taxonomy_id":46,"taxonomy":"tribe_events_cat","description":"","parent":0,"count":294,"filter":"raw","id":46,"urls":{"self":"https:\/\/uwm.edu\/professional-development-network-family-support\/wp-json\/tribe\/events\/v1\/categories\/46","collection":"https:\/\/uwm.edu\/professional-development-network-family-support\/wp-json\/tribe\/events\/v1\/categories"}}],"tags":[],"venue":[],"organizer":[{"id":7499,"author":"875","status":"publish","date":"2026-07-07 15:30:44","date_utc":"2026-07-07 20:30:44","modified":"2026-07-07 15:30:44","modified_utc":"2026-07-07 20:30:44","url":"https:\/\/uwm.edu\/professional-development-network-family-support\/organizer\/paola-nunez-garcia\/","organizer":"Paola Nunez-Garcia","slug":"paola-nunez-garcia","email":"pgrc41@hotmail.com","json_ld":{"@type":"Person","name":"Paola Nunez-Garcia","description":"","url":"","telephone":"","email":"&#112;gr&#99;&#52;1&#64;&#104;otm&#97;&#105;l.com","sameAs":""},"global_id":"uwm.edu\/professional-development-network-family-support?id=7499","global_id_lineage":["uwm.edu\/professional-development-network-family-support?id=7499"]}],"custom_fields":[],"json_ld":{"@context":"http:\/\/schema.org","@type":"Event","name":"CCFT-Introducci\u00f3n a la Profesi\u00f3n del Cuidado Infantil &#8211; CEMPI LLC (76675)","description":"&lt;p&gt;Proporciona capacitaci\u00f3n b\u00e1sica sobre conocimientos y habilidades para las personas que est\u00e1n comenzando su profesi\u00f3n como cuidadores de ni\u00f1os o que est\u00e1n considerando dedicarse a esto. El contenido incluye la exploraci\u00f3n de una variedad de entornos de cuidados y educaci\u00f3n &hellip;&lt;\/p&gt;\\n","url":"https:\/\/uwm.edu\/professional-development-network-family-support\/event\/ccft-introduccion-a-la-profesion-del-cuidado-infantil-cempi-llc-76675\/","eventAttendanceMode":"https:\/\/schema.org\/OfflineEventAttendanceMode","eventStatus":"https:\/\/schema.org\/EventScheduled","startDate":"2026-08-19T18:00:00-05:00","endDate":"2026-08-19T21:20:00-05:00","organizer":{"@type":"Person","name":"Paola Nunez-Garcia","description":"","url":"","telephone":"","email":"p&#103;rc41&#64;&#104;&#111;&#116;mail.c&#111;&#109;","sameAs":""},"performer":"Organization"},"is_virtual":false,"virtual_url":null,"virtual_video_source":""}